{"id":90,"date":"2013-02-03T02:10:40","date_gmt":"2013-02-03T02:10:40","guid":{"rendered":"http:\/\/www.najbrzadijeta.com\/blog\/?p=90"},"modified":"2015-04-07T09:13:58","modified_gmt":"2015-04-07T09:13:58","slug":"faze-mesecevih-mena-za-2013-godinu","status":"publish","type":"post","link":"https:\/\/najbrzadijeta.com\/blog\/faze-mesecevih-mena-za-2013-godinu\/","title":{"rendered":"Faze mesecevih mena za 2013 godinu"},"content":{"rendered":"<p><a href=\"http:\/\/www.najbrzadijeta.com\/blog\/faze-mesecevih-mena-za-2013-godinu\/\"><img loading=\"lazy\" decoding=\"async\" class=\"alignright\" style=\"color: #333333; font-style: normal; line-height: 24px;\" alt=\"\" src=\"http:\/\/www.najbrzadijeta.com\/slike\/faze-meseca.jpg\" width=\"165\" height=\"160\" \/><\/a><\/p>\n<p>Dole navedene tabele pokazuju faze mese\u010devih mena tokom 2013. godine. Savetujemo \u00a0Tabela se odnosi na vremensku zonu GMT +1, odnosno zonu zemalja biv\u0161e Jugoslavije.da se mese\u010deva dijeta primenjuje u fazi kada je mesec mlad, jer tada ima najve\u0107i gravitacioni uticaj i najefikasniji je za skidanje suvi\u0161nih kilograma.<\/p>\n<p><!--more--><\/p>\n<p>Ukoliko se nalazite van vremenske zone ex-yu dr\u017eava, <a title=\"Faze mesecevih mena 2013\" href=\"http:\/\/www.najbrzadijeta.com\/blog\/faze-mesecevih-mena-za-2013-godinu#kalendar\">kalendar mese\u010devih mena<\/a>\u00a0za druge lokacije mo\u017eete pogledati <a href=\"http:\/\/www.timeanddate.com\/calendar\/moonphases.html\" target=\"_blank\">ovde<\/a>.<\/p>\n<p>Pronadjite datum u tabeli i i primenite <a title=\"Meseceva dijeta\" href=\"http:\/\/www.najbrzadijeta.com\/blog\/meseceva-dijeta-do-3kg-za-1-dan\/\">pravila mese\u010deve dijete<\/a><br \/>\n<a id=\"kalendar\" name=\"kalendar\"><\/a><\/p>\n<h2>Kalendar mese\u010devih mena 2013 godina<\/h2>\n<table width=\"596\" border=\"1\">\n<tbody bgcolor=\"#fff\">\n<tr>\n<td colspan=\"2\"><center><img loading=\"lazy\" decoding=\"async\" alt=\"\" src=\"..\/..\/slike\/Mlad-Mesec.jpg\" width=\"62\" height=\"58\" \/><\/center><center><span style=\"text-align: left;\">Mlad Mesec<\/span><\/center><\/td>\n<td colspan=\"2\"><center><img loading=\"lazy\" decoding=\"async\" alt=\"\" src=\"..\/..\/slike\/Prva-cetvrt.jpg\" width=\"62\" height=\"58\" \/><br \/>\n<span style=\"text-align: left;\">Prva \u010cetvrt<\/span><\/center><\/td>\n<td colspan=\"2\"><center><img loading=\"lazy\" decoding=\"async\" alt=\"\" src=\"..\/..\/slike\/Pun-Mesec.jpg\" width=\"62\" height=\"58\" \/><br \/>\n<span style=\"text-align: left;\">Pun Mesec<\/span><\/center><\/td>\n<td colspan=\"2\"><center><img loading=\"lazy\" decoding=\"async\" alt=\"\" src=\"..\/..\/slike\/Druga-cetvrt.jpg\" width=\"62\" height=\"58\" \/><br \/>\n<span style=\"text-align: left;\">Druga \u010cetvrt<\/span><\/center><\/td>\n<\/tr>\n<tr bgcolor=\"#CCCCCC\">\n<td width=\"62\"><strong>Datum<\/strong><\/td>\n<td width=\"78\"><strong>Vreme<\/strong><\/td>\n<td width=\"65\"><strong>Datum<\/strong><\/td>\n<td width=\"76\"><strong>Vreme<\/strong><\/td>\n<td width=\"64\"><strong>Datum<\/strong><\/td>\n<td width=\"75\"><strong>Vreme<\/strong><\/td>\n<td width=\"63\"><strong>Datum<\/strong><\/td>\n<td width=\"79\"><strong>Vreme<\/strong><\/td>\n<\/tr>\n<tr bgcolor=\"#f4f4f4\">\n<td>11 Jan<\/td>\n<td>20:44<\/td>\n<td>19 Jan<\/td>\n<td>00:45<\/td>\n<td>27 Jan<\/td>\n<td>05:39<\/td>\n<td>5 Jan<\/td>\n<td>04:58<\/td>\n<\/tr>\n<tr>\n<td>10 Feb<\/td>\n<td>08:20<\/td>\n<td>17 Feb<\/td>\n<td>21:31<\/td>\n<td>25 Feb<\/td>\n<td>21:26<\/td>\n<td>3 Feb<\/td>\n<td>14:57<\/td>\n<\/tr>\n<tr bgcolor=\"#f4f4f4\">\n<td>11 Mart<\/td>\n<td>20:51<\/td>\n<td>19 Mart<\/td>\n<td>18:27<\/td>\n<td>27 Mart<\/td>\n<td>21:58<\/td>\n<td>4 Mart<\/td>\n<td>22:53<\/td>\n<\/tr>\n<tr>\n<td>10 April<\/td>\n<td>11:36<\/td>\n<td>18 April<\/td>\n<td>14:32<\/td>\n<td>25 April<\/td>\n<td>21:58<\/td>\n<td>3 April<\/td>\n<td>06:37<\/td>\n<\/tr>\n<tr bgcolor=\"#f4f4f4\">\n<td>10 Maj<\/td>\n<td>02:29<\/td>\n<td>18\u00a0Maj<\/td>\n<td>06:35<\/td>\n<td>25 Maj<\/td>\n<td>06:25<\/td>\n<td>2 Maj<\/td>\n<td>13:15<\/td>\n<\/tr>\n<tr>\n<td>8 Jun<\/td>\n<td>17:57<\/td>\n<td>16 Jun<\/td>\n<td>19:24<\/td>\n<td>23 Jun<\/td>\n<td>13:33<\/td>\n<td>31 Maj<\/td>\n<td>20:59<\/td>\n<\/tr>\n<tr bgcolor=\"#f4f4f4\">\n<td>8 Jul<\/td>\n<td>09:15<\/td>\n<td>16 Jul<\/td>\n<td>05:19<\/td>\n<td>22 Jul<\/td>\n<td>20:16<\/td>\n<td>30 Jun<\/td>\n<td>06:54<\/td>\n<\/tr>\n<tr>\n<td>6 Avg<\/td>\n<td>23:51<\/td>\n<td>14 Avg<\/td>\n<td>12:57<\/td>\n<td>21 Avg<\/td>\n<td>03:45<\/td>\n<td>29 Jul<\/td>\n<td>19:44<\/td>\n<\/tr>\n<tr bgcolor=\"#f4f4f4\">\n<td>5 Sep<\/td>\n<td>13:37<\/td>\n<td>12 Sep<\/td>\n<td>19:09<\/td>\n<td>19 Sep<\/td>\n<td>13:13<\/td>\n<td>28 Avg<\/td>\n<td>11:35<\/td>\n<\/tr>\n<tr>\n<td>5 Okt<\/td>\n<td>02:35<\/td>\n<td>12 Okt<\/td>\n<td>01:03<\/td>\n<td>19 Okt<\/td>\n<td>01:38<\/td>\n<td>27 Sep<\/td>\n<td>05:56<\/td>\n<\/tr>\n<tr bgcolor=\"#f4f4f4\">\n<td>3 Nov<\/td>\n<td>13:50<\/td>\n<td>10 Nov<\/td>\n<td>06:58<\/td>\n<td>17 Nov<\/td>\n<td>16:16<\/td>\n<td>27 Okt<\/td>\n<td>01:41<\/td>\n<\/tr>\n<tr>\n<td>3 Dec<\/td>\n<td>01:23<\/td>\n<td>9 Dec<\/td>\n<td>16:12<\/td>\n<td>17 Dec<\/td>\n<td>10:29<\/td>\n<td>25 Nov<\/td>\n<td>20:29<\/td>\n<\/tr>\n<tr bgcolor=\"#f4f4f4\">\n<td><\/td>\n<td><\/td>\n<td><\/td>\n<td><\/td>\n<td><\/td>\n<td><\/td>\n<td>25 Dec<\/td>\n<td>14:48<\/td>\n<\/tr>\n<\/tbody>\n<\/table>\n<p><strong>Napomena<\/strong>: u tabelama je ura\u010dunata i razlika izmedju letnjeg ra\u010dunanja vremena, tako da nije potrebno da pravite korekcije.<\/p>\n<p>Pogledajte <a href=\"http:\/\/www.najbrzadijeta.com\/blog\/faze-mesecevih-mena-za-2014-godinu\/\">kalendar mese\u010devih mena za 2014 godinu<\/a><\/p>\n<p>Ukoliko Vam se dopada ovaj tekst, molimo Vas da ga podelite sa prijateljima. Kliknite na jedan od dugmi\u0107a dole i podelite na FaceBook, Twitter, Google+, Email<\/p>\n","protected":false},"excerpt":{"rendered":"<p>Dole navedene tabele pokazuju faze mese\u010devih mena tokom 2013. godine. Savetujemo \u00a0Tabela se odnosi na vremensku zonu GMT +1, odnosno zonu zemalja biv\u0161e Jugoslavije.da se mese\u010deva dijeta primenjuje u fazi kada je mesec mlad, jer tada ima najve\u0107i gravitacioni uticaj i najefikasniji je za skidanje suvi\u0161nih kilograma.<\/p>\n","protected":false},"author":1,"featured_media":0,"comment_status":"open","ping_status":"open","sticky":false,"template":"","format":"standard","meta":{"site-sidebar-layout":"default","site-content-layout":"","ast-site-content-layout":"","site-content-style":"default","site-sidebar-style":"default","ast-global-header-display":"","ast-banner-title-visibility":"","ast-main-header-display":"","ast-hfb-above-header-display":"","ast-hfb-below-header-display":"","ast-hfb-mobile-header-display":"","site-post-title":"","ast-breadcrumbs-content":"","ast-featured-img":"","footer-sml-layout":"","theme-transparent-header-meta":"","adv-header-id-meta":"","stick-header-meta":"","header-above-stick-meta":"","header-main-stick-meta":"","header-below-stick-meta":"","astra-migrate-meta-layouts":"default","ast-page-background-enabled":"default","ast-page-background-meta":{"desktop":{"background-color":"var(--ast-global-color-4)","background-image":"","background-repeat":"repeat","background-position":"center center","background-size":"auto","background-attachment":"scroll","background-type":"","background-media":"","overlay-type":"","overlay-color":"","overlay-opacity":"","overlay-gradient":""},"tablet":{"background-color":"","background-image":"","background-repeat":"repeat","background-position":"center center","background-size":"auto","background-attachment":"scroll","background-type":"","background-media":"","overlay-type":"","overlay-color":"","overlay-opacity":"","overlay-gradient":""},"mobile":{"background-color":"","background-image":"","background-repeat":"repeat","background-position":"center center","background-size":"auto","background-attachment":"scroll","background-type":"","background-media":"","overlay-type":"","overlay-color":"","overlay-opacity":"","overlay-gradient":""}},"ast-content-background-meta":{"desktop":{"background-color":"var(--ast-global-color-5)","background-image":"","background-repeat":"repeat","background-position":"center center","background-size":"auto","background-attachment":"scroll","background-type":"","background-media":"","overlay-type":"","overlay-color":"","overlay-opacity":"","overlay-gradient":""},"tablet":{"background-color":"var(--ast-global-color-5)","background-image":"","background-repeat":"repeat","background-position":"center center","background-size":"auto","background-attachment":"scroll","background-type":"","background-media":"","overlay-type":"","overlay-color":"","overlay-opacity":"","overlay-gradient":""},"mobile":{"background-color":"var(--ast-global-color-5)","background-image":"","background-repeat":"repeat","background-position":"center center","background-size":"auto","background-attachment":"scroll","background-type":"","background-media":"","overlay-type":"","overlay-color":"","overlay-opacity":"","overlay-gradient":""}},"footnotes":""},"categories":[1],"tags":[],"class_list":["post-90","post","type-post","status-publish","format-standard","hentry","category-mrsavljenje"],"yoast_head":"<!-- This site is optimized with the Yoast SEO plugin v25.2 - https:\/\/yoast.com\/wordpress\/plugins\/seo\/ -->\n<title>Faze mesecevih mena - Kalendar za 2013 godinu | Najbrza Dijeta<\/title>\n<meta name=\"description\" content=\"Faze mese\u010devih mena za 2013 godinu za pravilan i ta\u010dan plan vodjenja mese\u010deve dijete\" \/>\n<meta name=\"robots\" content=\"index, follow, max-snippet:-1, max-image-preview:large, max-video-preview:-1\" \/>\n<link rel=\"canonical\" href=\"https:\/\/najbrzadijeta.com\/blog\/faze-mesecevih-mena-za-2013-godinu\/\" \/>\n<meta property=\"og:locale\" content=\"sr_RS\" \/>\n<meta property=\"og:type\" content=\"article\" \/>\n<meta property=\"og:title\" content=\"Faze mesecevih mena - Kalendar za 2013 godinu | Najbrza Dijeta\" \/>\n<meta property=\"og:description\" content=\"Faze mese\u010devih mena za 2013 godinu za pravilan i ta\u010dan plan vodjenja mese\u010deve dijete\" \/>\n<meta property=\"og:url\" content=\"https:\/\/najbrzadijeta.com\/blog\/faze-mesecevih-mena-za-2013-godinu\/\" \/>\n<meta property=\"og:site_name\" content=\"Najbr\u017eaDijeta\" \/>\n<meta property=\"article:publisher\" content=\"https:\/\/www.facebook.com\/121496714593541\" \/>\n<meta property=\"article:published_time\" content=\"2013-02-03T02:10:40+00:00\" \/>\n<meta property=\"article:modified_time\" content=\"2015-04-07T09:13:58+00:00\" \/>\n<meta property=\"og:image\" content=\"http:\/\/www.najbrzadijeta.com\/slike\/faze-meseca.jpg\" \/>\n<meta name=\"author\" content=\"Vanesa Petrov\" \/>\n<meta name=\"twitter:label1\" content=\"Napisano od\" \/>\n\t<meta name=\"twitter:data1\" content=\"Vanesa Petrov\" \/>\n\t<meta name=\"twitter:label2\" content=\"Procenjeno vreme \u010ditanja\" \/>\n\t<meta name=\"twitter:data2\" content=\"1 minut\" \/>\n<script type=\"application\/ld+json\" class=\"yoast-schema-graph\">{\"@context\":\"https:\/\/schema.org\",\"@graph\":[{\"@type\":\"Article\",\"@id\":\"https:\/\/najbrzadijeta.com\/blog\/faze-mesecevih-mena-za-2013-godinu\/#article\",\"isPartOf\":{\"@id\":\"https:\/\/najbrzadijeta.com\/blog\/faze-mesecevih-mena-za-2013-godinu\/\"},\"author\":{\"name\":\"Vanesa Petrov\",\"@id\":\"https:\/\/najbrzadijeta.com\/blog\/#\/schema\/person\/ff2ac28eab1505bfa98844c3bdf3495e\"},\"headline\":\"Faze mesecevih mena za 2013 godinu\",\"datePublished\":\"2013-02-03T02:10:40+00:00\",\"dateModified\":\"2015-04-07T09:13:58+00:00\",\"mainEntityOfPage\":{\"@id\":\"https:\/\/najbrzadijeta.com\/blog\/faze-mesecevih-mena-za-2013-godinu\/\"},\"wordCount\":211,\"commentCount\":0,\"publisher\":{\"@id\":\"https:\/\/najbrzadijeta.com\/blog\/#organization\"},\"image\":{\"@id\":\"https:\/\/najbrzadijeta.com\/blog\/faze-mesecevih-mena-za-2013-godinu\/#primaryimage\"},\"thumbnailUrl\":\"http:\/\/www.najbrzadijeta.com\/slike\/faze-meseca.jpg\",\"articleSection\":[\"Mr\u0161avljenje i Dijeta\"],\"inLanguage\":\"sr-RS\",\"potentialAction\":[{\"@type\":\"CommentAction\",\"name\":\"Comment\",\"target\":[\"https:\/\/najbrzadijeta.com\/blog\/faze-mesecevih-mena-za-2013-godinu\/#respond\"]}]},{\"@type\":\"WebPage\",\"@id\":\"https:\/\/najbrzadijeta.com\/blog\/faze-mesecevih-mena-za-2013-godinu\/\",\"url\":\"https:\/\/najbrzadijeta.com\/blog\/faze-mesecevih-mena-za-2013-godinu\/\",\"name\":\"Faze mesecevih mena - Kalendar za 2013 godinu | Najbrza Dijeta\",\"isPartOf\":{\"@id\":\"https:\/\/najbrzadijeta.com\/blog\/#website\"},\"primaryImageOfPage\":{\"@id\":\"https:\/\/najbrzadijeta.com\/blog\/faze-mesecevih-mena-za-2013-godinu\/#primaryimage\"},\"image\":{\"@id\":\"https:\/\/najbrzadijeta.com\/blog\/faze-mesecevih-mena-za-2013-godinu\/#primaryimage\"},\"thumbnailUrl\":\"http:\/\/www.najbrzadijeta.com\/slike\/faze-meseca.jpg\",\"datePublished\":\"2013-02-03T02:10:40+00:00\",\"dateModified\":\"2015-04-07T09:13:58+00:00\",\"description\":\"Faze mese\u010devih mena za 2013 godinu za pravilan i ta\u010dan plan vodjenja mese\u010deve dijete\",\"breadcrumb\":{\"@id\":\"https:\/\/najbrzadijeta.com\/blog\/faze-mesecevih-mena-za-2013-godinu\/#breadcrumb\"},\"inLanguage\":\"sr-RS\",\"potentialAction\":[{\"@type\":\"ReadAction\",\"target\":[\"https:\/\/najbrzadijeta.com\/blog\/faze-mesecevih-mena-za-2013-godinu\/\"]}]},{\"@type\":\"ImageObject\",\"inLanguage\":\"sr-RS\",\"@id\":\"https:\/\/najbrzadijeta.com\/blog\/faze-mesecevih-mena-za-2013-godinu\/#primaryimage\",\"url\":\"http:\/\/www.najbrzadijeta.com\/slike\/faze-meseca.jpg\",\"contentUrl\":\"http:\/\/www.najbrzadijeta.com\/slike\/faze-meseca.jpg\"},{\"@type\":\"BreadcrumbList\",\"@id\":\"https:\/\/najbrzadijeta.com\/blog\/faze-mesecevih-mena-za-2013-godinu\/#breadcrumb\",\"itemListElement\":[{\"@type\":\"ListItem\",\"position\":1,\"name\":\"Home\",\"item\":\"https:\/\/najbrzadijeta.com\/blog\/\"},{\"@type\":\"ListItem\",\"position\":2,\"name\":\"Faze mesecevih mena za 2013 godinu\"}]},{\"@type\":\"WebSite\",\"@id\":\"https:\/\/najbrzadijeta.com\/blog\/#website\",\"url\":\"https:\/\/najbrzadijeta.com\/blog\/\",\"name\":\"Najbr\u017eaDijeta\",\"description\":\"Nutritionisti\u010dki blog za pravilan i zdrav na\u010din ishrane\",\"publisher\":{\"@id\":\"https:\/\/najbrzadijeta.com\/blog\/#organization\"},\"potentialAction\":[{\"@type\":\"SearchAction\",\"target\":{\"@type\":\"EntryPoint\",\"urlTemplate\":\"https:\/\/najbrzadijeta.com\/blog\/?s={search_term_string}\"},\"query-input\":{\"@type\":\"PropertyValueSpecification\",\"valueRequired\":true,\"valueName\":\"search_term_string\"}}],\"inLanguage\":\"sr-RS\"},{\"@type\":\"Organization\",\"@id\":\"https:\/\/najbrzadijeta.com\/blog\/#organization\",\"name\":\"Najbr\u017eaDijeta\",\"url\":\"https:\/\/najbrzadijeta.com\/blog\/\",\"logo\":{\"@type\":\"ImageObject\",\"inLanguage\":\"sr-RS\",\"@id\":\"https:\/\/najbrzadijeta.com\/blog\/#\/schema\/logo\/image\/\",\"url\":\"https:\/\/najbrzadijeta.com\/blog\/wp-content\/uploads\/2024\/10\/najbrzadijeta-logo-b.webp\",\"contentUrl\":\"https:\/\/najbrzadijeta.com\/blog\/wp-content\/uploads\/2024\/10\/najbrzadijeta-logo-b.webp\",\"width\":601,\"height\":118,\"caption\":\"Najbr\u017eaDijeta\"},\"image\":{\"@id\":\"https:\/\/najbrzadijeta.com\/blog\/#\/schema\/logo\/image\/\"},\"sameAs\":[\"https:\/\/www.facebook.com\/121496714593541\"]},{\"@type\":\"Person\",\"@id\":\"https:\/\/najbrzadijeta.com\/blog\/#\/schema\/person\/ff2ac28eab1505bfa98844c3bdf3495e\",\"name\":\"Vanesa Petrov\",\"image\":{\"@type\":\"ImageObject\",\"inLanguage\":\"sr-RS\",\"@id\":\"https:\/\/najbrzadijeta.com\/blog\/#\/schema\/person\/image\/\",\"url\":\"https:\/\/secure.gravatar.com\/avatar\/0b021d0402a1f398030a52b1a927d543e4857de83da3c4a538d6d30e2a842a00?s=96&d=mm&r=g\",\"contentUrl\":\"https:\/\/secure.gravatar.com\/avatar\/0b021d0402a1f398030a52b1a927d543e4857de83da3c4a538d6d30e2a842a00?s=96&d=mm&r=g\",\"caption\":\"Vanesa Petrov\"},\"description\":\"Stru\u010dnjak za ishranu i fitnes s vi\u0161egodi\u0161njim iskustvom i preko 200 klijenata. Kao sertifikovani nutricionista i fitnes trener, posve\u0107ena je pomaganju ljudima da postignu svoje ciljeve u pogledu zdravlja i kondicije.\"}]}<\/script>\n<!-- \/ Yoast SEO plugin. -->","yoast_head_json":{"title":"Faze mesecevih mena - Kalendar za 2013 godinu | Najbrza Dijeta","description":"Faze mese\u010devih mena za 2013 godinu za pravilan i ta\u010dan plan vodjenja mese\u010deve dijete","robots":{"index":"index","follow":"follow","max-snippet":"max-snippet:-1","max-image-preview":"max-image-preview:large","max-video-preview":"max-video-preview:-1"},"canonical":"https:\/\/najbrzadijeta.com\/blog\/faze-mesecevih-mena-za-2013-godinu\/","og_locale":"sr_RS","og_type":"article","og_title":"Faze mesecevih mena - Kalendar za 2013 godinu | Najbrza Dijeta","og_description":"Faze mese\u010devih mena za 2013 godinu za pravilan i ta\u010dan plan vodjenja mese\u010deve dijete","og_url":"https:\/\/najbrzadijeta.com\/blog\/faze-mesecevih-mena-za-2013-godinu\/","og_site_name":"Najbr\u017eaDijeta","article_publisher":"https:\/\/www.facebook.com\/121496714593541","article_published_time":"2013-02-03T02:10:40+00:00","article_modified_time":"2015-04-07T09:13:58+00:00","og_image":[{"url":"http:\/\/www.najbrzadijeta.com\/slike\/faze-meseca.jpg","type":"","width":"","height":""}],"author":"Vanesa Petrov","twitter_misc":{"Napisano od":"Vanesa Petrov","Procenjeno vreme \u010ditanja":"1 minut"},"schema":{"@context":"https:\/\/schema.org","@graph":[{"@type":"Article","@id":"https:\/\/najbrzadijeta.com\/blog\/faze-mesecevih-mena-za-2013-godinu\/#article","isPartOf":{"@id":"https:\/\/najbrzadijeta.com\/blog\/faze-mesecevih-mena-za-2013-godinu\/"},"author":{"name":"Vanesa Petrov","@id":"https:\/\/najbrzadijeta.com\/blog\/#\/schema\/person\/ff2ac28eab1505bfa98844c3bdf3495e"},"headline":"Faze mesecevih mena za 2013 godinu","datePublished":"2013-02-03T02:10:40+00:00","dateModified":"2015-04-07T09:13:58+00:00","mainEntityOfPage":{"@id":"https:\/\/najbrzadijeta.com\/blog\/faze-mesecevih-mena-za-2013-godinu\/"},"wordCount":211,"commentCount":0,"publisher":{"@id":"https:\/\/najbrzadijeta.com\/blog\/#organization"},"image":{"@id":"https:\/\/najbrzadijeta.com\/blog\/faze-mesecevih-mena-za-2013-godinu\/#primaryimage"},"thumbnailUrl":"http:\/\/www.najbrzadijeta.com\/slike\/faze-meseca.jpg","articleSection":["Mr\u0161avljenje i Dijeta"],"inLanguage":"sr-RS","potentialAction":[{"@type":"CommentAction","name":"Comment","target":["https:\/\/najbrzadijeta.com\/blog\/faze-mesecevih-mena-za-2013-godinu\/#respond"]}]},{"@type":"WebPage","@id":"https:\/\/najbrzadijeta.com\/blog\/faze-mesecevih-mena-za-2013-godinu\/","url":"https:\/\/najbrzadijeta.com\/blog\/faze-mesecevih-mena-za-2013-godinu\/","name":"Faze mesecevih mena - Kalendar za 2013 godinu | Najbrza Dijeta","isPartOf":{"@id":"https:\/\/najbrzadijeta.com\/blog\/#website"},"primaryImageOfPage":{"@id":"https:\/\/najbrzadijeta.com\/blog\/faze-mesecevih-mena-za-2013-godinu\/#primaryimage"},"image":{"@id":"https:\/\/najbrzadijeta.com\/blog\/faze-mesecevih-mena-za-2013-godinu\/#primaryimage"},"thumbnailUrl":"http:\/\/www.najbrzadijeta.com\/slike\/faze-meseca.jpg","datePublished":"2013-02-03T02:10:40+00:00","dateModified":"2015-04-07T09:13:58+00:00","description":"Faze mese\u010devih mena za 2013 godinu za pravilan i ta\u010dan plan vodjenja mese\u010deve dijete","breadcrumb":{"@id":"https:\/\/najbrzadijeta.com\/blog\/faze-mesecevih-mena-za-2013-godinu\/#breadcrumb"},"inLanguage":"sr-RS","potentialAction":[{"@type":"ReadAction","target":["https:\/\/najbrzadijeta.com\/blog\/faze-mesecevih-mena-za-2013-godinu\/"]}]},{"@type":"ImageObject","inLanguage":"sr-RS","@id":"https:\/\/najbrzadijeta.com\/blog\/faze-mesecevih-mena-za-2013-godinu\/#primaryimage","url":"http:\/\/www.najbrzadijeta.com\/slike\/faze-meseca.jpg","contentUrl":"http:\/\/www.najbrzadijeta.com\/slike\/faze-meseca.jpg"},{"@type":"BreadcrumbList","@id":"https:\/\/najbrzadijeta.com\/blog\/faze-mesecevih-mena-za-2013-godinu\/#breadcrumb","itemListElement":[{"@type":"ListItem","position":1,"name":"Home","item":"https:\/\/najbrzadijeta.com\/blog\/"},{"@type":"ListItem","position":2,"name":"Faze mesecevih mena za 2013 godinu"}]},{"@type":"WebSite","@id":"https:\/\/najbrzadijeta.com\/blog\/#website","url":"https:\/\/najbrzadijeta.com\/blog\/","name":"Najbr\u017eaDijeta","description":"Nutritionisti\u010dki blog za pravilan i zdrav na\u010din ishrane","publisher":{"@id":"https:\/\/najbrzadijeta.com\/blog\/#organization"},"potentialAction":[{"@type":"SearchAction","target":{"@type":"EntryPoint","urlTemplate":"https:\/\/najbrzadijeta.com\/blog\/?s={search_term_string}"},"query-input":{"@type":"PropertyValueSpecification","valueRequired":true,"valueName":"search_term_string"}}],"inLanguage":"sr-RS"},{"@type":"Organization","@id":"https:\/\/najbrzadijeta.com\/blog\/#organization","name":"Najbr\u017eaDijeta","url":"https:\/\/najbrzadijeta.com\/blog\/","logo":{"@type":"ImageObject","inLanguage":"sr-RS","@id":"https:\/\/najbrzadijeta.com\/blog\/#\/schema\/logo\/image\/","url":"https:\/\/najbrzadijeta.com\/blog\/wp-content\/uploads\/2024\/10\/najbrzadijeta-logo-b.webp","contentUrl":"https:\/\/najbrzadijeta.com\/blog\/wp-content\/uploads\/2024\/10\/najbrzadijeta-logo-b.webp","width":601,"height":118,"caption":"Najbr\u017eaDijeta"},"image":{"@id":"https:\/\/najbrzadijeta.com\/blog\/#\/schema\/logo\/image\/"},"sameAs":["https:\/\/www.facebook.com\/121496714593541"]},{"@type":"Person","@id":"https:\/\/najbrzadijeta.com\/blog\/#\/schema\/person\/ff2ac28eab1505bfa98844c3bdf3495e","name":"Vanesa Petrov","image":{"@type":"ImageObject","inLanguage":"sr-RS","@id":"https:\/\/najbrzadijeta.com\/blog\/#\/schema\/person\/image\/","url":"https:\/\/secure.gravatar.com\/avatar\/0b021d0402a1f398030a52b1a927d543e4857de83da3c4a538d6d30e2a842a00?s=96&d=mm&r=g","contentUrl":"https:\/\/secure.gravatar.com\/avatar\/0b021d0402a1f398030a52b1a927d543e4857de83da3c4a538d6d30e2a842a00?s=96&d=mm&r=g","caption":"Vanesa Petrov"},"description":"Stru\u010dnjak za ishranu i fitnes s vi\u0161egodi\u0161njim iskustvom i preko 200 klijenata. Kao sertifikovani nutricionista i fitnes trener, posve\u0107ena je pomaganju ljudima da postignu svoje ciljeve u pogledu zdravlja i kondicije."}]}},"_links":{"self":[{"href":"https:\/\/najbrzadijeta.com\/blog\/wp-json\/wp\/v2\/posts\/90","targetHints":{"allow":["GET"]}}],"collection":[{"href":"https:\/\/najbrzadijeta.com\/blog\/wp-json\/wp\/v2\/posts"}],"about":[{"href":"https:\/\/najbrzadijeta.com\/blog\/wp-json\/wp\/v2\/types\/post"}],"author":[{"embeddable":true,"href":"https:\/\/najbrzadijeta.com\/blog\/wp-json\/wp\/v2\/users\/1"}],"replies":[{"embeddable":true,"href":"https:\/\/najbrzadijeta.com\/blog\/wp-json\/wp\/v2\/comments?post=90"}],"version-history":[{"count":36,"href":"https:\/\/najbrzadijeta.com\/blog\/wp-json\/wp\/v2\/posts\/90\/revisions"}],"predecessor-version":[{"id":632,"href":"https:\/\/najbrzadijeta.com\/blog\/wp-json\/wp\/v2\/posts\/90\/revisions\/632"}],"wp:attachment":[{"href":"https:\/\/najbrzadijeta.com\/blog\/wp-json\/wp\/v2\/media?parent=90"}],"wp:term":[{"taxonomy":"category","embeddable":true,"href":"https:\/\/najbrzadijeta.com\/blog\/wp-json\/wp\/v2\/categories?post=90"},{"taxonomy":"post_tag","embeddable":true,"href":"https:\/\/najbrzadijeta.com\/blog\/wp-json\/wp\/v2\/tags?post=90"}],"curies":[{"name":"wp","href":"https:\/\/api.w.org\/{rel}","templated":true}]}}